{"id":40916,"date":"2026-04-28T14:51:07","date_gmt":"2026-04-28T12:51:07","guid":{"rendered":"https:\/\/zs-skarvady831.cz\/uvod\/?p=40916"},"modified":"2026-04-28T14:51:08","modified_gmt":"2026-04-28T12:51:08","slug":"cesko-polska-vytvarna-soutez","status":"publish","type":"post","link":"https:\/\/zs-skarvady831.cz\/uvod\/uncategorized\/cesko-polska-vytvarna-soutez\/","title":{"rendered":"\u010cesko-polsk\u00e1 v\u00fdtvarn\u00e1 sout\u011b\u017e\u00a0"},"content":{"rendered":"\n<p>S velkou radost\u00ed informujeme o v\u00fdznamn\u00e9m \u00fasp\u011bchu \u017e\u00e1k\u016f na\u0161\u00ed \u0161koly v \u010desko-polsk\u00e9 v\u00fdtvarn\u00e9 sout\u011b\u017ei Barvy folkloru a tradic.<\/p>\n\n\n\n<p>\u017d\u00e1k na\u0161\u00ed \u0161koly Mat\u011bj Mi\u010d\u00edk z 3. C, kter\u00fd v sout\u011b\u017ei reprezentoval Z\u0160 gener\u00e1la Zde\u0148ka \u0160karvady, z\u00edskal v siln\u00e9 konkurenci kr\u00e1sn\u00e9 3. m\u00edsto. Jeho pr\u00e1ce zaujala odbornou porotu originalitou i v\u00fdtvarn\u00fdm zpracov\u00e1n\u00edm. <\/p>\n\n\n\n<p>Mimo\u0159\u00e1dn\u00e9ho \u00fasp\u011bchu dos\u00e1hly tak\u00e9 na\u0161e \u017e\u00e1kyn\u011b ve stejn\u00e9 kategorii 7\u201310 let. Prvn\u00ed m\u00edsto z\u00edskala Eli\u0161ka Eva Tomanov\u00e1 ze t\u0159\u00eddy 3. A a druh\u00e9 m\u00edsto obsadila Elen Sm\u011bjov\u00e1 z 3. C, kter\u00e9 v sout\u011b\u017ei reprezentovaly ZU\u0160 Ostrava-Poruba, kde z\u00e1rove\u0148 rozv\u00edjej\u00ed sv\u016fj v\u00fdtvarn\u00fd talent. V\u00edt\u011bzn\u00e9 pr\u00e1ce je mo\u017en\u00e9 zhl\u00e9dnout na str\u00e1nk\u00e1ch\u00a0<a href=\"http:\/\/www.svc-korunka.cz\/\" target=\"_blank\" rel=\"noreferrer noopener\">www.svc-korunka.cz<\/a>. <\/p>\n\n\n\n<p><\/p>\n\n\n\n<p>Do leto\u0161n\u00edho ro\u010dn\u00edku sout\u011b\u017ee bylo zasl\u00e1no v\u00edce ne\u017e 800 v\u00fdtvarn\u00fdch prac\u00ed z \u010cesk\u00e9 republiky i Polska, co\u017e podtrhuje vysokou \u00farove\u0148 konkurence i v\u00fdznam dosa\u017een\u00fdch ocen\u011bn\u00ed. Slavnostn\u00ed p\u0159ed\u00e1v\u00e1n\u00ed cen se uskute\u010dnilo dne 24. dubna 2026 v polsk\u00fdch Katovic\u00edch. Vyhodnocen\u00ed sout\u011b\u017ee se osobn\u011b z\u00fa\u010dastnili Mat\u011bj Mi\u010d\u00edk a Elen Sm\u011bjov\u00e1. Pro ocen\u011bn\u00e9 \u017e\u00e1ky a jejich doprovod byl p\u0159ipraven bohat\u00fd doprovodn\u00fd program, poho\u0161t\u011bn\u00ed i slavnostn\u00ed ceremoni\u00e1l.<\/p>\n\n\n\n<p>V\u0161em ocen\u011bn\u00fdm srde\u010dn\u011b gratulujeme a p\u0159ejeme mnoho dal\u0161\u00edch \u00fasp\u011bch\u016f v jejich tvorb\u011b.<\/p>\n\n\n\n<figure class=\"wp-block-gallery has-nested-images columns-default is-cropped wp-block-gallery-1 is-layout-flex wp-block-gallery-is-layout-flex\">\n<figure class=\"wp-block-image size-large\"><img fetchpriority=\"high\" decoding=\"async\" width=\"768\" height=\"1024\" data-id=\"40920\" src=\"https:\/\/zs-skarvady831.cz\/wp-content\/uploads\/2026\/04\/1000053304-768x1024.jpg\" alt=\"\" class=\"wp-image-40920\" srcset=\"https:\/\/zs-skarvady831.cz\/wp-content\/uploads\/2026\/04\/1000053304-768x1024.jpg 768w, https:\/\/zs-skarvady831.cz\/wp-content\/uploads\/2026\/04\/1000053304-225x300.jpg 225w, https:\/\/zs-skarvady831.cz\/wp-content\/uploads\/2026\/04\/1000053304-1152x1536.jpg 1152w, https:\/\/zs-skarvady831.cz\/wp-content\/uploads\/2026\/04\/1000053304-1536x2048.jpg 1536w, https:\/\/zs-skarvady831.cz\/wp-content\/uploads\/2026\/04\/1000053304-1200x1600.jpg 1200w, https:\/\/zs-skarvady831.cz\/wp-content\/uploads\/2026\/04\/1000053304-1980x2640.jpg 1980w, https:\/\/zs-skarvady831.cz\/wp-content\/uploads\/2026\/04\/1000053304-scaled.jpg 1920w\" sizes=\"(max-width: 768px) 100vw, 768px\" \/><\/figure>\n\n\n\n<figure class=\"wp-block-image size-large\"><img decoding=\"async\" width=\"768\" height=\"1024\" data-id=\"40919\" src=\"https:\/\/zs-skarvady831.cz\/wp-content\/uploads\/2026\/04\/1000053303-768x1024.jpg\" alt=\"\" class=\"wp-image-40919\" srcset=\"https:\/\/zs-skarvady831.cz\/wp-content\/uploads\/2026\/04\/1000053303-768x1024.jpg 768w, https:\/\/zs-skarvady831.cz\/wp-content\/uploads\/2026\/04\/1000053303-225x300.jpg 225w, https:\/\/zs-skarvady831.cz\/wp-content\/uploads\/2026\/04\/1000053303-1152x1536.jpg 1152w, https:\/\/zs-skarvady831.cz\/wp-content\/uploads\/2026\/04\/1000053303-1536x2048.jpg 1536w, https:\/\/zs-skarvady831.cz\/wp-content\/uploads\/2026\/04\/1000053303-1200x1600.jpg 1200w, https:\/\/zs-skarvady831.cz\/wp-content\/uploads\/2026\/04\/1000053303-1980x2640.jpg 1980w, https:\/\/zs-skarvady831.cz\/wp-content\/uploads\/2026\/04\/1000053303-scaled.jpg 1920w\" sizes=\"(max-width: 768px) 100vw, 768px\" \/><\/figure>\n\n\n\n<figure class=\"wp-block-image size-large\"><img decoding=\"async\" width=\"768\" height=\"1024\" data-id=\"40918\" src=\"https:\/\/zs-skarvady831.cz\/wp-content\/uploads\/2026\/04\/1000053302-768x1024.jpg\" alt=\"\" class=\"wp-image-40918\" srcset=\"https:\/\/zs-skarvady831.cz\/wp-content\/uploads\/2026\/04\/1000053302-768x1024.jpg 768w, https:\/\/zs-skarvady831.cz\/wp-content\/uploads\/2026\/04\/1000053302-225x300.jpg 225w, https:\/\/zs-skarvady831.cz\/wp-content\/uploads\/2026\/04\/1000053302-1152x1536.jpg 1152w, https:\/\/zs-skarvady831.cz\/wp-content\/uploads\/2026\/04\/1000053302-1536x2048.jpg 1536w, https:\/\/zs-skarvady831.cz\/wp-content\/uploads\/2026\/04\/1000053302-1200x1600.jpg 1200w, https:\/\/zs-skarvady831.cz\/wp-content\/uploads\/2026\/04\/1000053302-1980x2640.jpg 1980w, https:\/\/zs-skarvady831.cz\/wp-content\/uploads\/2026\/04\/1000053302-scaled.jpg 1920w\" sizes=\"(max-width: 768px) 100vw, 768px\" \/><\/figure>\n<\/figure>\n","protected":false},"excerpt":{"rendered":"<p>S velkou radost\u00ed informujeme o v\u00fdznamn\u00e9m \u00fasp\u011bchu \u017e\u00e1k\u016f na\u0161\u00ed \u0161koly v \u010desko-polsk\u00e9 v\u00fdtvarn\u00e9 sout\u011b\u017ei Barvy folkloru a tradic. \u017d\u00e1k na\u0161\u00ed \u0161koly Mat\u011bj Mi\u010d\u00edk z 3. C, kter\u00fd v sout\u011b\u017ei reprezentoval Z\u0160 gener\u00e1la Zde\u0148ka \u0160karvady, z\u00edskal v siln\u00e9 konkurenci kr\u00e1sn\u00e9 3. m\u00edsto. Jeho pr\u00e1ce zaujala odbornou porotu originalitou i v\u00fdtvarn\u00fdm zpracov\u00e1n\u00edm. Mimo\u0159\u00e1dn\u00e9ho \u00fasp\u011bchu dos\u00e1hly tak\u00e9 na\u0161e [&hellip;]<\/p>\n","protected":false},"author":5,"featured_media":0,"comment_status":"open","ping_status":"open","sticky":false,"template":"","format":"standard","meta":{"footnotes":""},"categories":[1],"tags":[],"_links":{"self":[{"href":"https:\/\/zs-skarvady831.cz\/uvod\/wp-json\/wp\/v2\/posts\/40916"}],"collection":[{"href":"https:\/\/zs-skarvady831.cz\/uvod\/wp-json\/wp\/v2\/posts"}],"about":[{"href":"https:\/\/zs-skarvady831.cz\/uvod\/wp-json\/wp\/v2\/types\/post"}],"author":[{"embeddable":true,"href":"https:\/\/zs-skarvady831.cz\/uvod\/wp-json\/wp\/v2\/users\/5"}],"replies":[{"embeddable":true,"href":"https:\/\/zs-skarvady831.cz\/uvod\/wp-json\/wp\/v2\/comments?post=40916"}],"version-history":[{"count":1,"href":"https:\/\/zs-skarvady831.cz\/uvod\/wp-json\/wp\/v2\/posts\/40916\/revisions"}],"predecessor-version":[{"id":40922,"href":"https:\/\/zs-skarvady831.cz\/uvod\/wp-json\/wp\/v2\/posts\/40916\/revisions\/40922"}],"wp:attachment":[{"href":"https:\/\/zs-skarvady831.cz\/uvod\/wp-json\/wp\/v2\/media?parent=40916"}],"wp:term":[{"taxonomy":"category","embeddable":true,"href":"https:\/\/zs-skarvady831.cz\/uvod\/wp-json\/wp\/v2\/categories?post=40916"},{"taxonomy":"post_tag","embeddable":true,"href":"https:\/\/zs-skarvady831.cz\/uvod\/wp-json\/wp\/v2\/tags?post=40916"}],"curies":[{"name":"wp","href":"https:\/\/api.w.org\/{rel}","templated":true}]}}