{"id":40903,"date":"2026-04-28T07:52:31","date_gmt":"2026-04-28T05:52:31","guid":{"rendered":"https:\/\/zs-skarvady831.cz\/uvod\/?p=40903"},"modified":"2026-04-28T07:58:57","modified_gmt":"2026-04-28T05:58:57","slug":"uspechy-v-soutezi-pozarni-ochrana-ocima-deti-a-mladeze-2026","status":"publish","type":"post","link":"https:\/\/zs-skarvady831.cz\/uvod\/uncategorized\/uspechy-v-soutezi-pozarni-ochrana-ocima-deti-a-mladeze-2026\/","title":{"rendered":"\u00dasp\u011bchy v sout\u011b\u017ei &#8222;Po\u017e\u00e1rn\u00ed ochrana o\u010dima d\u011bt\u00ed a ml\u00e1de\u017ee 2026&#8220;"},"content":{"rendered":"\t\t<div data-elementor-type=\"wp-post\" data-elementor-id=\"40903\" class=\"elementor elementor-40903\" data-elementor-post-type=\"post\">\n\t\t\t\t\t\t<section class=\"elementor-section elementor-top-section elementor-element elementor-element-36e38f74 elementor-section-boxed elementor-section-height-default elementor-section-height-default\" data-id=\"36e38f74\" data-element_type=\"section\">\n\t\t\t\t\t\t<div class=\"elementor-container elementor-column-gap-default\">\n\t\t\t\t\t<div class=\"elementor-column elementor-col-100 elementor-top-column elementor-element elementor-element-734c896d\" data-id=\"734c896d\" data-element_type=\"column\">\n\t\t\t<div class=\"elementor-widget-wrap elementor-element-populated\">\n\t\t\t\t\t\t<div class=\"elementor-element elementor-element-6c8b9390 elementor-widget elementor-widget-text-editor\" data-id=\"6c8b9390\" data-element_type=\"widget\" data-widget_type=\"text-editor.default\">\n\t\t\t\t<div class=\"elementor-widget-container\">\n\t\t\t\t\t\t\t<p><!-- wp:paragraph --><\/p>\n<p>R\u00e1di se pochlub\u00edme\u00a0 v\u00fdborn\u00fdm v\u00fdsledkem <strong>v\u00fdtvarn\u011b \u2013 liter\u00e1rn\u011b &#8211; digit\u00e1ln\u00ed sout\u011b\u017ee<\/strong>, na kterou bylo v leto\u0161n\u00edm roce\u00a0 zasl\u00e1no 150 prac\u00ed a do sout\u011b\u017ee se v Ostrav\u011b celkov\u011b zapojilo v\u00edce ne\u017e 400 \u00fa\u010dastn\u00edk\u016f z 10 mate\u0159sk\u00fdch \u0161kol, 8 z\u00e1kladn\u00edch \u0161kol, 1 st\u0159edn\u00ed \u0161koly, 1 z\u00e1kladn\u00ed um\u011bleck\u00e9 \u0161koly a 13 sbor\u016f dobrovoln\u00fdch hasi\u010d\u016f. \u017d\u00e1ci na\u0161\u00ed \u0161koly <strong>zv\u00edt\u011bzili v okresn\u00edm\u00a0a krajsk\u00e9m\u00a0kole sout\u011b\u017ee<\/strong>. Na term\u00edn celorepublikov\u00e9ho kola se je\u0161t\u011b \u010dek\u00e1. Vyhodnocen\u00ed v Ostrav\u011b prob\u011bhne ve st\u0159edu 13. 5. od 8:45 v Hasi\u010dsk\u00e9m muzeu v Ostrav\u011b.<\/p>\n<p><!-- \/wp:paragraph --><\/p>\n<p><!-- wp:paragraph --><\/p>\n<p>\u00dasp\u011bch na\u0161ich nadan\u00fdch \u017e\u00e1k\u016f v kategori\u00edch okres-kraj-republika najdete v p\u0159\u00edloze n\u00ed\u017ee.<\/p>\n<p><!-- \/wp:paragraph --><\/p>\n<p><!-- wp:paragraph --><\/p>\n<p>(Obrazov\u00e1 \u010d\u00e1st ocen\u011bn\u00fdch prac\u00ed je FB OSH Ostrava<a href=\"http:\/\/www.facebook.com\/oshostrava\" target=\"_blank\" rel=\"noreferrer noopener\">www.facebook.com\/oshostrava<\/a>\u00a0v albu\u00a0<strong>Po\u017e\u00e1rn\u00ed ochrana o\u010dima d\u011bt\u00ed a ml\u00e1de\u017ee 2026<\/strong><strong>).<\/strong><\/p>\n<p><!-- \/wp:paragraph --><\/p>\n<p><!-- wp:image {\"id\":40904,\"sizeSlug\":\"full\",\"linkDestination\":\"none\"} --><\/p>\n<figure class=\"wp-block-image size-full\"><img fetchpriority=\"high\" decoding=\"async\" width=\"630\" height=\"549\" class=\"wp-image-40904\" src=\"https:\/\/zs-skarvady831.cz\/wp-content\/uploads\/2026\/04\/image.png\" alt=\"\" srcset=\"https:\/\/zs-skarvady831.cz\/wp-content\/uploads\/2026\/04\/image.png 630w, https:\/\/zs-skarvady831.cz\/wp-content\/uploads\/2026\/04\/image-300x261.png 300w\" sizes=\"(max-width: 630px) 100vw, 630px\" \/><\/figure>\n<p><!-- \/wp:image --><\/p>\t\t\t\t\t\t<\/div>\n\t\t\t\t<\/div>\n\t\t\t\t\t<\/div>\n\t\t<\/div>\n\t\t\t\t\t<\/div>\n\t\t<\/section>\n\t\t\t\t<\/div>\n\t\t","protected":false},"excerpt":{"rendered":"<p>R\u00e1di se pochlub\u00edme\u00a0 v\u00fdborn\u00fdm v\u00fdsledkem v\u00fdtvarn\u011b \u2013 liter\u00e1rn\u011b &#8211; digit\u00e1ln\u00ed sout\u011b\u017ee, na kterou bylo v leto\u0161n\u00edm roce\u00a0 zasl\u00e1no 150 prac\u00ed a do sout\u011b\u017ee se v Ostrav\u011b celkov\u011b zapojilo v\u00edce ne\u017e 400 \u00fa\u010dastn\u00edk\u016f z 10 mate\u0159sk\u00fdch \u0161kol, 8 z\u00e1kladn\u00edch \u0161kol, 1 st\u0159edn\u00ed \u0161koly, 1 z\u00e1kladn\u00ed um\u011bleck\u00e9 \u0161koly a 13 sbor\u016f dobrovoln\u00fdch hasi\u010d\u016f. \u017d\u00e1ci na\u0161\u00ed \u0161koly zv\u00edt\u011bzili [&hellip;]<\/p>\n","protected":false},"author":7,"featured_media":0,"comment_status":"open","ping_status":"open","sticky":false,"template":"","format":"standard","meta":{"footnotes":""},"categories":[1],"tags":[],"_links":{"self":[{"href":"https:\/\/zs-skarvady831.cz\/uvod\/wp-json\/wp\/v2\/posts\/40903"}],"collection":[{"href":"https:\/\/zs-skarvady831.cz\/uvod\/wp-json\/wp\/v2\/posts"}],"about":[{"href":"https:\/\/zs-skarvady831.cz\/uvod\/wp-json\/wp\/v2\/types\/post"}],"author":[{"embeddable":true,"href":"https:\/\/zs-skarvady831.cz\/uvod\/wp-json\/wp\/v2\/users\/7"}],"replies":[{"embeddable":true,"href":"https:\/\/zs-skarvady831.cz\/uvod\/wp-json\/wp\/v2\/comments?post=40903"}],"version-history":[{"count":10,"href":"https:\/\/zs-skarvady831.cz\/uvod\/wp-json\/wp\/v2\/posts\/40903\/revisions"}],"predecessor-version":[{"id":40914,"href":"https:\/\/zs-skarvady831.cz\/uvod\/wp-json\/wp\/v2\/posts\/40903\/revisions\/40914"}],"wp:attachment":[{"href":"https:\/\/zs-skarvady831.cz\/uvod\/wp-json\/wp\/v2\/media?parent=40903"}],"wp:term":[{"taxonomy":"category","embeddable":true,"href":"https:\/\/zs-skarvady831.cz\/uvod\/wp-json\/wp\/v2\/categories?post=40903"},{"taxonomy":"post_tag","embeddable":true,"href":"https:\/\/zs-skarvady831.cz\/uvod\/wp-json\/wp\/v2\/tags?post=40903"}],"curies":[{"name":"wp","href":"https:\/\/api.w.org\/{rel}","templated":true}]}}